{"id":30402,"date":"2026-09-01T18:22:06","date_gmt":"2026-09-01T16:22:06","guid":{"rendered":"https:\/\/sp1hrubieszow.pl\/?p=30402"},"modified":"2026-09-01T18:22:06","modified_gmt":"2026-09-01T16:22:06","slug":"uroczyste-rozpoczecie-roku-szkolnego-2026-2027","status":"publish","type":"post","link":"https:\/\/sp1hrubieszow.pl\/index.php\/2026\/09\/01\/uroczyste-rozpoczecie-roku-szkolnego-2026-2027\/","title":{"rendered":"Uroczyste rozpocz\u0119cie roku szkolnego 2026\/2027"},"content":{"rendered":"\n<p><span style=\"color: #000080;\">1 wrze\u015bnia w Szkole Podstawowej Nr 1 w Hrubieszowie odby\u0142o si\u0119 uroczyste rozpocz\u0119cie roku szkolnego 2026\/2027. Po wakacyjnej przerwie szkolne korytarze ponownie wype\u0142ni\u0142y si\u0119 radosnym gwarem, u\u015bmiechami i spotkaniami z kole\u017cankami, kolegami oraz nauczycielami.<\/span><br><span style=\"color: #000080;\">Uroczysto\u015b\u0107 rozpocz\u0119\u0142a si\u0119 o godz. 8.00. Spotkanie poprowadzi\u0142a Pani Dyrektor Edyta Kucharska, kt\u00f3ra serdecznie powita\u0142a ca\u0142\u0105 spo\u0142eczno\u015b\u0107 szkoln\u0105. Szczeg\u00f3lnie ciep\u0142e s\u0142owa skierowa\u0142a do uczni\u00f3w klas pierwszych, dla kt\u00f3rych rozpocz\u0105\u0142 si\u0119 nowy, niezwykle wa\u017cny etap edukacyjnej przygody. Pani Dyrektor \u017cyczy\u0142a wszystkim uczniom, aby nowy rok szkolny by\u0142 czasem rozwijania pasji, zdobywania wiedzy, odnoszenia sukces\u00f3w oraz budowania pi\u0119knych relacji.<\/span><br><span style=\"color: #000080;\">W uroczysto\u015bci udzia\u0142 wzi\u0119li r\u00f3wnie\u017c zaproszeni go\u015bcie, kt\u00f3rzy skierowali do uczni\u00f3w, nauczycieli i rodzic\u00f3w s\u0142owa pe\u0142ne \u017cyczliwo\u015bci oraz najlepszych \u017cycze\u0144: Wiceburmistrz Hrubieszowa Pan Pawe\u0142 Wojciechowski, Ksi\u0105dz Proboszcz Marek Giergiel, przewodnicz\u0105ca Rady Rodzic\u00f3w Pani Beata Litwi\u0144czuk. <\/span><br><span style=\"color: #000080;\">Wszystkie skierowane do spo\u0142eczno\u015bci szkolnej \u017cyczenia \u0142\u0105czy\u0142o jedno przes\u0142anie \u2013 aby rozpoczynaj\u0105cy si\u0119 rok by\u0142 pe\u0142en sukces\u00f3w, dobrych do\u015bwiadcze\u0144, rozwijania talent\u00f3w, przyja\u017ani, wzajemnego szacunku i rado\u015bci ze wsp\u00f3lnego bycia w szkolnej spo\u0142eczno\u015bci. <\/span><br><span style=\"color: #000080;\">Po uroczystym spotkaniu uczniowie udali si\u0119 do swoich sal na spotkania z wychowawcami, podczas kt\u00f3rych poznali najwa\u017cniejsze informacje dotycz\u0105ce organizacji nowego roku szkolnego.&nbsp;<a href=\"https:\/\/sp1hrubieszow.pl\/index.php\/kronika-2020-2021\/uroczyste-rozpoczecie-roku-szkolnego-2026-2027\/\">wi\u0119cej<\/a><\/span><br><br><\/p>\n","protected":false},"excerpt":{"rendered":"<p>1 wrze\u015bnia w Szkole Podstawowej Nr 1 w Hrubieszowie odby\u0142o si\u0119 uroczyste rozpocz\u0119cie roku szkolnego 2026\/2027. Po wakacyjnej przerwie szkolne korytarze ponownie wype\u0142ni\u0142y si\u0119 radosnym gwarem, u\u015bmiechami i spotkaniami z kole\u017cankami, kolegami oraz nauczycielami.Uroczysto\u015b\u0107 rozpocz\u0119\u0142a si\u0119 o godz. 8.00. Spotkanie poprowadzi\u0142a Pani Dyrektor Edyta Kucharska, kt\u00f3ra serdecznie powita\u0142a ca\u0142\u0105 spo\u0142eczno\u015b\u0107 szkoln\u0105. Szczeg\u00f3lnie ciep\u0142e s\u0142owa skierowa\u0142a [&hellip;]<\/p>\n","protected":false},"author":2,"featured_media":0,"comment_status":"closed","ping_status":"open","sticky":false,"template":"","format":"standard","meta":{"ngg_post_thumbnail":0,"footnotes":""},"categories":[1],"tags":[],"class_list":["post-30402","post","type-post","status-publish","format-standard","hentry","category-bez-kategorii"],"_links":{"self":[{"href":"https:\/\/sp1hrubieszow.pl\/index.php\/wp-json\/wp\/v2\/posts\/30402","targetHints":{"allow":["GET"]}}],"collection":[{"href":"https:\/\/sp1hrubieszow.pl\/index.php\/wp-json\/wp\/v2\/posts"}],"about":[{"href":"https:\/\/sp1hrubieszow.pl\/index.php\/wp-json\/wp\/v2\/types\/post"}],"author":[{"embeddable":true,"href":"https:\/\/sp1hrubieszow.pl\/index.php\/wp-json\/wp\/v2\/users\/2"}],"replies":[{"embeddable":true,"href":"https:\/\/sp1hrubieszow.pl\/index.php\/wp-json\/wp\/v2\/comments?post=30402"}],"version-history":[{"count":1,"href":"https:\/\/sp1hrubieszow.pl\/index.php\/wp-json\/wp\/v2\/posts\/30402\/revisions"}],"predecessor-version":[{"id":30403,"href":"https:\/\/sp1hrubieszow.pl\/index.php\/wp-json\/wp\/v2\/posts\/30402\/revisions\/30403"}],"wp:attachment":[{"href":"https:\/\/sp1hrubieszow.pl\/index.php\/wp-json\/wp\/v2\/media?parent=30402"}],"wp:term":[{"taxonomy":"category","embeddable":true,"href":"https:\/\/sp1hrubieszow.pl\/index.php\/wp-json\/wp\/v2\/categories?post=30402"},{"taxonomy":"post_tag","embeddable":true,"href":"https:\/\/sp1hrubieszow.pl\/index.php\/wp-json\/wp\/v2\/tags?post=30402"}],"curies":[{"name":"wp","href":"https:\/\/api.w.org\/{rel}","templated":true}]}}