{"id":25041,"date":"2024-03-23T22:54:20","date_gmt":"2024-03-23T21:54:20","guid":{"rendered":"https:\/\/sp1hrubieszow.pl\/?p=25041"},"modified":"2024-03-24T18:14:13","modified_gmt":"2024-03-24T17:14:13","slug":"swieto-poezji","status":"publish","type":"post","link":"https:\/\/sp1hrubieszow.pl\/index.php\/2024\/03\/23\/swieto-poezji\/","title":{"rendered":"\u015awi\u0119to Poezji"},"content":{"rendered":"\n\n\n<p><span style=\"color: #000080;\">21 marca obchodzili\u015bmy \u015awiatowy Dzie\u0144 Poezji. Z tej okazji uczniowie klasy 6b rozmawiali o \u017cyciu i tw\u00f3rczo\u015bci polskich Noblist\u00f3w &#8211; Wis\u0142awy Szymborskiej i Czes\u0142awa Mi\u0142osza oraz tworzyli wiersze z odzysku (blackout poems). Zadanie to wymaga\u0142o od uczni\u00f3w dok\u0142adnego przeczytania tekstu, skupienia si\u0119 na s\u0142owie i wybrania tych wyraz\u00f3w, kt\u00f3re b\u0119d\u0105 mog\u0142y uzyska\u0107 inne znaczenie.<\/span><\/p>\n<p><span style=\"color: #000080;\">Poza tym grupa uczni\u00f3w naszej szko\u0142y mia\u0142a okazj\u0119 uczestniczy\u0107 w Hrubieszowskim \u015awi\u0119cie Poezji zorganizowanym w Bibliotece Pedagogicznej w Zamo\u015bciu Filia Hrubiesz\u00f3w przy wsp\u00f3\u0142pracy z Zespo\u0142em Szk\u00f3\u0142&nbsp; Nr 1 w Hrubieszowie oraz Lubelskim Samorz\u0105dowym Centrum Doskonalenia Nauczycieli. Podczas spotkania uczniowie mogli pos\u0142ucha\u0107 tych, kt\u00f3rzy wiersze ju\u017c tworz\u0105 od dawna, czyli cz\u0142onk\u00f3w Klubu Literackiego Ziemi Hrubieszowskiej, a tak\u017ce mieli mo\u017cliwo\u015b\u0107 napisania w\u0142asnych utwor\u00f3w poetyckich.&nbsp;<\/span><a href=\"https:\/\/sp1hrubieszow.pl\/index.php\/kronika-2020-2021\/swieto-poezji\/\">wi\u0119cej<\/a><\/p>\n","protected":false},"excerpt":{"rendered":"<p>21 marca obchodzili\u015bmy \u015awiatowy Dzie\u0144 Poezji. Z tej okazji uczniowie klasy 6b rozmawiali o \u017cyciu i tw\u00f3rczo\u015bci polskich Noblist\u00f3w &#8211; Wis\u0142awy Szymborskiej i Czes\u0142awa Mi\u0142osza oraz tworzyli wiersze z odzysku (blackout poems). Zadanie to wymaga\u0142o od uczni\u00f3w dok\u0142adnego przeczytania tekstu, skupienia si\u0119 na s\u0142owie i wybrania tych wyraz\u00f3w, kt\u00f3re b\u0119d\u0105 mog\u0142y uzyska\u0107 inne znaczenie. Poza [&hellip;]<\/p>\n","protected":false},"author":2,"featured_media":0,"comment_status":"closed","ping_status":"open","sticky":false,"template":"","format":"standard","meta":{"ngg_post_thumbnail":0,"footnotes":""},"categories":[1],"tags":[],"class_list":["post-25041","post","type-post","status-publish","format-standard","hentry","category-bez-kategorii"],"_links":{"self":[{"href":"https:\/\/sp1hrubieszow.pl\/index.php\/wp-json\/wp\/v2\/posts\/25041","targetHints":{"allow":["GET"]}}],"collection":[{"href":"https:\/\/sp1hrubieszow.pl\/index.php\/wp-json\/wp\/v2\/posts"}],"about":[{"href":"https:\/\/sp1hrubieszow.pl\/index.php\/wp-json\/wp\/v2\/types\/post"}],"author":[{"embeddable":true,"href":"https:\/\/sp1hrubieszow.pl\/index.php\/wp-json\/wp\/v2\/users\/2"}],"replies":[{"embeddable":true,"href":"https:\/\/sp1hrubieszow.pl\/index.php\/wp-json\/wp\/v2\/comments?post=25041"}],"version-history":[{"count":2,"href":"https:\/\/sp1hrubieszow.pl\/index.php\/wp-json\/wp\/v2\/posts\/25041\/revisions"}],"predecessor-version":[{"id":25043,"href":"https:\/\/sp1hrubieszow.pl\/index.php\/wp-json\/wp\/v2\/posts\/25041\/revisions\/25043"}],"wp:attachment":[{"href":"https:\/\/sp1hrubieszow.pl\/index.php\/wp-json\/wp\/v2\/media?parent=25041"}],"wp:term":[{"taxonomy":"category","embeddable":true,"href":"https:\/\/sp1hrubieszow.pl\/index.php\/wp-json\/wp\/v2\/categories?post=25041"},{"taxonomy":"post_tag","embeddable":true,"href":"https:\/\/sp1hrubieszow.pl\/index.php\/wp-json\/wp\/v2\/tags?post=25041"}],"curies":[{"name":"wp","href":"https:\/\/api.w.org\/{rel}","templated":true}]}}