{"id":24661,"date":"2024-03-05T20:03:24","date_gmt":"2024-03-05T19:03:24","guid":{"rendered":"https:\/\/sp1hrubieszow.pl\/?p=24661"},"modified":"2024-03-05T20:03:24","modified_gmt":"2024-03-05T19:03:24","slug":"z-wizyta-w-grenadzie","status":"publish","type":"post","link":"https:\/\/sp1hrubieszow.pl\/index.php\/2024\/03\/05\/z-wizyta-w-grenadzie\/","title":{"rendered":"Z wizyt\u0105 w Grenadzie"},"content":{"rendered":"\n<p><span style=\"color: #000080;\"><img loading=\"lazy\" decoding=\"async\" class=\"size-medium wp-image-24284 aligncenter\" src=\"http:\/\/sp1hrubieszow.pl\/wp-content\/uploads\/2024\/01\/logo_4_dof-300x67.png\" alt=\"\" width=\"300\" height=\"67\" srcset=\"https:\/\/sp1hrubieszow.pl\/wp-content\/uploads\/2024\/01\/logo_4_dof-300x67.png 300w, https:\/\/sp1hrubieszow.pl\/wp-content\/uploads\/2024\/01\/logo_4_dof.png 418w\" sizes=\"auto, (max-width: 300px) 100vw, 300px\" \/><\/span><\/p>\n<p><span style=\"color: #000080;\">Od 12 do 25 lutego trwa\u0142a nasza hiszpa\u0144ska przygoda w ramach projektu&nbsp;<strong>ERASMUS+ \u201eHola Espa\u00f1a! Rozwijanie kompetencji uczni\u00f3w Szko\u0142y Podstawowej im. B. Prusa w Hrubieszowie\u201d, nr projektu: 2023-1-PL01-KA122-SCH-000119355.&nbsp;<\/strong><\/span><\/p>\n<p><span style=\"background-color: #ffffff; color: #000080;\">Podczas wyjazdu edukacyjnego mieli\u015bmy mo\u017cliwo\u015b\u0107 uczestniczenia w lekcjach wraz z m\u0142odzie\u017c\u0105 hiszpa\u0144sk\u0105.&nbsp; Poznali\u015bmy wielu wspania\u0142ych m\u0142odych ludzi oraz ich nauczycieli. Na pewno d\u0142ugo b\u0119dziemy wspomina\u0107 lekcj\u0119 fizyki, podczas kt\u00f3rej robili\u015bmy czekolad\u0119. Uczestniczyli\u015bmy tak\u017ce &#8211; w ramach zaj\u0119\u0107 lekcyjnych &#8211; w warsztatach flamenco.&nbsp;<a href=\"https:\/\/sp1hrubieszow.pl\/index.php\/kronika-2020-2021\/z-wizyta-w-grenadzie\/\">wi\u0119cej<\/a> <\/span><\/p>\n","protected":false},"excerpt":{"rendered":"<p>Od 12 do 25 lutego trwa\u0142a nasza hiszpa\u0144ska przygoda w ramach projektu&nbsp;ERASMUS+ \u201eHola Espa\u00f1a! Rozwijanie kompetencji uczni\u00f3w Szko\u0142y Podstawowej im. B. Prusa w Hrubieszowie\u201d, nr projektu: 2023-1-PL01-KA122-SCH-000119355.&nbsp; Podczas wyjazdu edukacyjnego mieli\u015bmy mo\u017cliwo\u015b\u0107 uczestniczenia w lekcjach wraz z m\u0142odzie\u017c\u0105 hiszpa\u0144sk\u0105.&nbsp; Poznali\u015bmy wielu wspania\u0142ych m\u0142odych ludzi oraz ich nauczycieli. Na pewno d\u0142ugo b\u0119dziemy wspomina\u0107 lekcj\u0119 fizyki, podczas [&hellip;]<\/p>\n","protected":false},"author":2,"featured_media":0,"comment_status":"closed","ping_status":"open","sticky":false,"template":"","format":"standard","meta":{"ngg_post_thumbnail":0,"footnotes":""},"categories":[1],"tags":[],"class_list":["post-24661","post","type-post","status-publish","format-standard","hentry","category-bez-kategorii"],"_links":{"self":[{"href":"https:\/\/sp1hrubieszow.pl\/index.php\/wp-json\/wp\/v2\/posts\/24661","targetHints":{"allow":["GET"]}}],"collection":[{"href":"https:\/\/sp1hrubieszow.pl\/index.php\/wp-json\/wp\/v2\/posts"}],"about":[{"href":"https:\/\/sp1hrubieszow.pl\/index.php\/wp-json\/wp\/v2\/types\/post"}],"author":[{"embeddable":true,"href":"https:\/\/sp1hrubieszow.pl\/index.php\/wp-json\/wp\/v2\/users\/2"}],"replies":[{"embeddable":true,"href":"https:\/\/sp1hrubieszow.pl\/index.php\/wp-json\/wp\/v2\/comments?post=24661"}],"version-history":[{"count":1,"href":"https:\/\/sp1hrubieszow.pl\/index.php\/wp-json\/wp\/v2\/posts\/24661\/revisions"}],"predecessor-version":[{"id":24662,"href":"https:\/\/sp1hrubieszow.pl\/index.php\/wp-json\/wp\/v2\/posts\/24661\/revisions\/24662"}],"wp:attachment":[{"href":"https:\/\/sp1hrubieszow.pl\/index.php\/wp-json\/wp\/v2\/media?parent=24661"}],"wp:term":[{"taxonomy":"category","embeddable":true,"href":"https:\/\/sp1hrubieszow.pl\/index.php\/wp-json\/wp\/v2\/categories?post=24661"},{"taxonomy":"post_tag","embeddable":true,"href":"https:\/\/sp1hrubieszow.pl\/index.php\/wp-json\/wp\/v2\/tags?post=24661"}],"curies":[{"name":"wp","href":"https:\/\/api.w.org\/{rel}","templated":true}]}}