{"id":22125,"date":"2023-10-23T17:11:54","date_gmt":"2023-10-23T15:11:54","guid":{"rendered":"https:\/\/sp1hrubieszow.pl\/?p=22125"},"modified":"2023-10-23T17:11:54","modified_gmt":"2023-10-23T15:11:54","slug":"nagroda-dla-karoliny-jasinskiej-mediatorki-rowiesniczej-ze-szkolnego-klubu-mediatora-statuetka-mediator-rowiesniczy-roku-2022-2023","status":"publish","type":"post","link":"https:\/\/sp1hrubieszow.pl\/index.php\/2023\/10\/23\/nagroda-dla-karoliny-jasinskiej-mediatorki-rowiesniczej-ze-szkolnego-klubu-mediatora-statuetka-mediator-rowiesniczy-roku-2022-2023\/","title":{"rendered":"Nagroda dla Karoliny Jasi\u0144skiej, mediatorki r\u00f3wie\u015bniczej ze Szkolnego Klubu Mediatora- statuetka \u201eMediator R\u00f3wie\u015bniczy Roku 2022\/2023\u201d"},"content":{"rendered":"\n<p><span style=\"color: #000080;\">W dniu 20.10.2023r. w S\u0105dzie Okr\u0119gowym w Lublinie odby\u0142a si\u0119 konferencja na temat: Podsumowanie programu \u201eMediacje r\u00f3wie\u015bnicze metod\u0105 bezkonfliktowego rozwi\u0105zywania szkolnych spor\u00f3w w\u015br\u00f3d uczni\u00f3w szk\u00f3\u0142 wojew\u00f3dztwa lubelskiego\u201d, podczas kt\u00f3rej absolwentka Szko\u0142y Podstawowej Nr 1 w Hrubieszowie, Karolina Jasi\u0144ska, obecnie uczennica I Liceum Og\u00f3lnokszta\u0142c\u0105cego im. Ks. St. Staszica w Hrubieszowie, odebra\u0142a szczeg\u00f3ln\u0105 nagrod\u0119 w postaci statuetki &#8222;Mediator R\u00f3wie\u015bniczy Roku 2022\/2023&#8221;. Karolina zosta\u0142a nagrodzona za szczeg\u00f3lne zaanga\u017cowanie w prac\u0119 Szkolnego Klubu Mediatora oraz promowanie mediacji r\u00f3wie\u015bniczych na terenie naszej szko\u0142y i w \u015brodowisku lokalnym.&nbsp;<a href=\"https:\/\/sp1hrubieszow.pl\/index.php\/kronika-2020-2021\/nagroda-dla-karoliny-jasinskiej-mediatorki-rowiesniczej-ze-szkolnego-klubu-mediatora-statuetka-mediator-rowiesniczy-roku-2022-2023\/\">wi\u0119cej<\/a><\/span><\/p>\n","protected":false},"excerpt":{"rendered":"<p>W dniu 20.10.2023r. w S\u0105dzie Okr\u0119gowym w Lublinie odby\u0142a si\u0119 konferencja na temat: Podsumowanie programu \u201eMediacje r\u00f3wie\u015bnicze metod\u0105 bezkonfliktowego rozwi\u0105zywania szkolnych spor\u00f3w w\u015br\u00f3d uczni\u00f3w szk\u00f3\u0142 wojew\u00f3dztwa lubelskiego\u201d, podczas kt\u00f3rej absolwentka Szko\u0142y Podstawowej Nr 1 w Hrubieszowie, Karolina Jasi\u0144ska, obecnie uczennica I Liceum Og\u00f3lnokszta\u0142c\u0105cego im. Ks. St. Staszica w Hrubieszowie, odebra\u0142a szczeg\u00f3ln\u0105 nagrod\u0119 w postaci statuetki [&hellip;]<\/p>\n","protected":false},"author":2,"featured_media":0,"comment_status":"closed","ping_status":"open","sticky":false,"template":"","format":"standard","meta":{"ngg_post_thumbnail":0,"footnotes":""},"categories":[1],"tags":[],"class_list":["post-22125","post","type-post","status-publish","format-standard","hentry","category-bez-kategorii"],"_links":{"self":[{"href":"https:\/\/sp1hrubieszow.pl\/index.php\/wp-json\/wp\/v2\/posts\/22125","targetHints":{"allow":["GET"]}}],"collection":[{"href":"https:\/\/sp1hrubieszow.pl\/index.php\/wp-json\/wp\/v2\/posts"}],"about":[{"href":"https:\/\/sp1hrubieszow.pl\/index.php\/wp-json\/wp\/v2\/types\/post"}],"author":[{"embeddable":true,"href":"https:\/\/sp1hrubieszow.pl\/index.php\/wp-json\/wp\/v2\/users\/2"}],"replies":[{"embeddable":true,"href":"https:\/\/sp1hrubieszow.pl\/index.php\/wp-json\/wp\/v2\/comments?post=22125"}],"version-history":[{"count":1,"href":"https:\/\/sp1hrubieszow.pl\/index.php\/wp-json\/wp\/v2\/posts\/22125\/revisions"}],"predecessor-version":[{"id":22126,"href":"https:\/\/sp1hrubieszow.pl\/index.php\/wp-json\/wp\/v2\/posts\/22125\/revisions\/22126"}],"wp:attachment":[{"href":"https:\/\/sp1hrubieszow.pl\/index.php\/wp-json\/wp\/v2\/media?parent=22125"}],"wp:term":[{"taxonomy":"category","embeddable":true,"href":"https:\/\/sp1hrubieszow.pl\/index.php\/wp-json\/wp\/v2\/categories?post=22125"},{"taxonomy":"post_tag","embeddable":true,"href":"https:\/\/sp1hrubieszow.pl\/index.php\/wp-json\/wp\/v2\/tags?post=22125"}],"curies":[{"name":"wp","href":"https:\/\/api.w.org\/{rel}","templated":true}]}}