{"id":21181,"date":"2023-08-21T10:12:37","date_gmt":"2023-08-21T08:12:37","guid":{"rendered":"https:\/\/sp1hrubieszow.pl\/?p=21181"},"modified":"2023-08-21T10:12:37","modified_gmt":"2023-08-21T08:12:37","slug":"rozpoczecie-roku-szkolnego-2023-2024","status":"publish","type":"post","link":"https:\/\/sp1hrubieszow.pl\/index.php\/2023\/08\/21\/rozpoczecie-roku-szkolnego-2023-2024\/","title":{"rendered":"Rozpocz\u0119cie roku szkolnego 2023\/2024"},"content":{"rendered":"\n<p><img loading=\"lazy\" decoding=\"async\" class=\"alignnone size-medium wp-image-21178 aligncenter\" src=\"http:\/\/sp1hrubieszow.pl\/wp-content\/uploads\/2023\/08\/sowa-300x90.png\" alt=\"\" width=\"300\" height=\"90\" srcset=\"https:\/\/sp1hrubieszow.pl\/wp-content\/uploads\/2023\/08\/sowa-300x90.png 300w, https:\/\/sp1hrubieszow.pl\/wp-content\/uploads\/2023\/08\/sowa.png 512w\" sizes=\"auto, (max-width: 300px) 100vw, 300px\" \/><\/p>\n<p style=\"text-align: center;\"><span style=\"color: #000080;\"><strong>UROCZYSTE ROZPOCZ\u0118CIE ROKU SZKOLNEGO<\/strong><\/span><\/p>\n<p style=\"text-align: center;\"><span style=\"color: #000080;\"><strong>w Szkole Podstawowej Nr 1 w Hrubieszowie <\/strong><\/span><\/p>\n<p style=\"text-align: center;\"><span style=\"color: #000080;\"><strong>odb\u0119dzie si\u0119&nbsp; <\/strong><strong>4 wrze\u015bnia 2023 r .<\/strong><\/span><\/p>\n<p style=\"text-align: center;\"><span style=\"color: #000080;\"><strong>o godzinie 8.00 \u2013 hala sportowa<\/strong><\/span><\/p>\n<p style=\"text-align: center;\"><strong>&nbsp;<\/strong><span style=\"color: #000080;\"><strong>Msza \u015bw. z okazji rozpocz\u0119cia roku szkolnego zostanie odprawiona 3 wrze\u015bnia 2023 r. o godzinie 11.00&nbsp;<\/strong><strong>w Ko\u015bciele pw. Ducha \u015awi\u0119tego w Hrubieszowie.<\/strong><\/span><\/p>\n","protected":false},"excerpt":{"rendered":"<p>UROCZYSTE ROZPOCZ\u0118CIE ROKU SZKOLNEGO w Szkole Podstawowej Nr 1 w Hrubieszowie odb\u0119dzie si\u0119&nbsp; 4 wrze\u015bnia 2023 r . o godzinie 8.00 \u2013 hala sportowa &nbsp;Msza \u015bw. z okazji rozpocz\u0119cia roku szkolnego zostanie odprawiona 3 wrze\u015bnia 2023 r. o godzinie 11.00&nbsp;w Ko\u015bciele pw. Ducha \u015awi\u0119tego w Hrubieszowie.<\/p>\n","protected":false},"author":2,"featured_media":0,"comment_status":"closed","ping_status":"open","sticky":false,"template":"","format":"standard","meta":{"ngg_post_thumbnail":0,"footnotes":""},"categories":[1],"tags":[],"class_list":["post-21181","post","type-post","status-publish","format-standard","hentry","category-bez-kategorii"],"_links":{"self":[{"href":"https:\/\/sp1hrubieszow.pl\/index.php\/wp-json\/wp\/v2\/posts\/21181","targetHints":{"allow":["GET"]}}],"collection":[{"href":"https:\/\/sp1hrubieszow.pl\/index.php\/wp-json\/wp\/v2\/posts"}],"about":[{"href":"https:\/\/sp1hrubieszow.pl\/index.php\/wp-json\/wp\/v2\/types\/post"}],"author":[{"embeddable":true,"href":"https:\/\/sp1hrubieszow.pl\/index.php\/wp-json\/wp\/v2\/users\/2"}],"replies":[{"embeddable":true,"href":"https:\/\/sp1hrubieszow.pl\/index.php\/wp-json\/wp\/v2\/comments?post=21181"}],"version-history":[{"count":1,"href":"https:\/\/sp1hrubieszow.pl\/index.php\/wp-json\/wp\/v2\/posts\/21181\/revisions"}],"predecessor-version":[{"id":21182,"href":"https:\/\/sp1hrubieszow.pl\/index.php\/wp-json\/wp\/v2\/posts\/21181\/revisions\/21182"}],"wp:attachment":[{"href":"https:\/\/sp1hrubieszow.pl\/index.php\/wp-json\/wp\/v2\/media?parent=21181"}],"wp:term":[{"taxonomy":"category","embeddable":true,"href":"https:\/\/sp1hrubieszow.pl\/index.php\/wp-json\/wp\/v2\/categories?post=21181"},{"taxonomy":"post_tag","embeddable":true,"href":"https:\/\/sp1hrubieszow.pl\/index.php\/wp-json\/wp\/v2\/tags?post=21181"}],"curies":[{"name":"wp","href":"https:\/\/api.w.org\/{rel}","templated":true}]}}