{"id":10558,"date":"2021-09-15T20:17:43","date_gmt":"2021-09-15T18:17:43","guid":{"rendered":"http:\/\/sp1.hrubieszow.info\/?p=10558"},"modified":"2021-09-15T20:17:43","modified_gmt":"2021-09-15T18:17:43","slug":"regulamin-konkursu-plastycznego-pt-mediacja-sposobem-na-konflikt","status":"publish","type":"post","link":"https:\/\/sp1hrubieszow.pl\/index.php\/2021\/09\/15\/regulamin-konkursu-plastycznego-pt-mediacja-sposobem-na-konflikt\/","title":{"rendered":"Regulamin konkursu plastycznego  pt.\u201e Mediacja sposobem na konflikt\u201d"},"content":{"rendered":"\n<p><span style=\"color: #000080;\"><strong>1. <\/strong><strong>Organizator konkursu<\/strong><\/span><\/p>\n<p><span style=\"color: #000080;\">Organizatorem konkursu jest Szko\u0142a Podstawowa Nr 1 im. Boles\u0142awa Prusa w Hrubieszowie, osoba odpowiedzialna za organizacj\u0119 konkursu: Marta Kuczy\u0144ska, opiekun Szkolnego Klubu Mediatora.<\/span><\/p>\n<p><span style=\"color: #000080;\"><strong>2. <\/strong><strong>Patronat konkursu<\/strong><\/span><\/p>\n<p><span style=\"color: #000080;\">Konkurs odbywa si\u0119 pod patronatem honorowym Burmistrza Miasta Hrubieszowa Pani Marty Majewskiej oraz pod patronatem honorowym Prezesa S\u0105du Rejonowego w Hrubieszowie Pana Adama Pisiewicza<\/span><\/p>\n<p><span style=\"color: #000080;\"><strong>3. <\/strong><strong>Cele konkursu<\/strong><\/span><\/p>\n<ol>\n<li><span style=\"color: #000080;\">Popularyzowanie w\u015br\u00f3d dzieci i m\u0142odzie\u017cy wiedzy na temat mediacji, jako konstruktywnego sposobu rozwi\u0105zywania konflikt\u00f3w i spor\u00f3w.<\/span><\/li>\n<li><span style=\"color: #000080;\">Promowanie mediacji i kszta\u0142towanie w\u015br\u00f3d uczni\u00f3w pozytywnego wizerunku mediacji, w tym mediacji r\u00f3wie\u015bniczych.<\/span><\/li>\n<li><span style=\"color: #000080;\">Zach\u0119cenie uczestnik\u00f3w konkursu do udzia\u0142u w obchodach Mi\u0119dzynarodowego Dnia Mediacji i Tygodnia Mediacji\u20192021.&nbsp;<a href=\"http:\/\/sp1.hrubieszow.info\/index.php\/kronika-2020-2021\/regulamin-konkursu-plastycznego-pt-mediacja-sposobem-na-konflikt\/\">wi\u0119cej<\/a><\/span><\/li>\n<\/ol>\n","protected":false},"excerpt":{"rendered":"<p>1. Organizator konkursu Organizatorem konkursu jest Szko\u0142a Podstawowa Nr 1 im. Boles\u0142awa Prusa w Hrubieszowie, osoba odpowiedzialna za organizacj\u0119 konkursu: Marta Kuczy\u0144ska, opiekun Szkolnego Klubu Mediatora. 2. Patronat konkursu Konkurs odbywa si\u0119 pod patronatem honorowym Burmistrza Miasta Hrubieszowa Pani Marty Majewskiej oraz pod patronatem honorowym Prezesa S\u0105du Rejonowego w Hrubieszowie Pana Adama Pisiewicza 3. Cele [&hellip;]<\/p>\n","protected":false},"author":2,"featured_media":0,"comment_status":"closed","ping_status":"open","sticky":false,"template":"","format":"standard","meta":{"ngg_post_thumbnail":0,"footnotes":""},"categories":[1],"tags":[],"class_list":["post-10558","post","type-post","status-publish","format-standard","hentry","category-bez-kategorii"],"_links":{"self":[{"href":"https:\/\/sp1hrubieszow.pl\/index.php\/wp-json\/wp\/v2\/posts\/10558","targetHints":{"allow":["GET"]}}],"collection":[{"href":"https:\/\/sp1hrubieszow.pl\/index.php\/wp-json\/wp\/v2\/posts"}],"about":[{"href":"https:\/\/sp1hrubieszow.pl\/index.php\/wp-json\/wp\/v2\/types\/post"}],"author":[{"embeddable":true,"href":"https:\/\/sp1hrubieszow.pl\/index.php\/wp-json\/wp\/v2\/users\/2"}],"replies":[{"embeddable":true,"href":"https:\/\/sp1hrubieszow.pl\/index.php\/wp-json\/wp\/v2\/comments?post=10558"}],"version-history":[{"count":1,"href":"https:\/\/sp1hrubieszow.pl\/index.php\/wp-json\/wp\/v2\/posts\/10558\/revisions"}],"predecessor-version":[{"id":10559,"href":"https:\/\/sp1hrubieszow.pl\/index.php\/wp-json\/wp\/v2\/posts\/10558\/revisions\/10559"}],"wp:attachment":[{"href":"https:\/\/sp1hrubieszow.pl\/index.php\/wp-json\/wp\/v2\/media?parent=10558"}],"wp:term":[{"taxonomy":"category","embeddable":true,"href":"https:\/\/sp1hrubieszow.pl\/index.php\/wp-json\/wp\/v2\/categories?post=10558"},{"taxonomy":"post_tag","embeddable":true,"href":"https:\/\/sp1hrubieszow.pl\/index.php\/wp-json\/wp\/v2\/tags?post=10558"}],"curies":[{"name":"wp","href":"https:\/\/api.w.org\/{rel}","templated":true}]}}